{"id":133976,"date":"2023-10-11T17:59:00","date_gmt":"2023-10-11T22:59:00","guid":{"rendered":"https:\/\/insurgentepress.mx\/?p=133976"},"modified":"2023-11-04T18:29:07","modified_gmt":"2023-11-05T00:29:07","slug":"alfonso-martinez-inauguro-el-cielo-tejido-que-adorna-la-calzada-fray-antonio-de-san-miguel","status":"publish","type":"post","link":"https:\/\/insurgentepress.mx\/index.php\/2023\/10\/11\/alfonso-martinez-inauguro-el-cielo-tejido-que-adorna-la-calzada-fray-antonio-de-san-miguel\/","title":{"rendered":"Alfonso Mart\u00ednez inaugur\u00f3 el Cielo Tejido que adorna la Calzada Fray Antonio de San Miguel"},"content":{"rendered":"\n<p>Agencias, Ciudad de M\u00e9xico.- Con el fin de visibilizar y concientizar a la sociedad moreliana sobre el duelo gestacional, perinatal y neonatal, el Gobierno de Morelia, a trav\u00e9s del DIF Morelia, realiz\u00f3 la presentaci\u00f3n del libro \u201cAunque no te pueda ver\u201d de la autora Carmen A. Ju\u00e1rez Acevedo, en el Centro Cultural de la UNAM Morelia.<\/p>\n\n\n\n<p>A decir de la Presidenta Honoraria del DIF Morelia, Paola Delgadillo Hern\u00e1ndez, esta situaci\u00f3n tiende a ser invisible, al ser minimizado o no llega a ser reconocido el dolor que experimentan las familias que viven la p\u00e9rdida inesperada de un hijo.<\/p>\n\n\n\n<p>\u201cEs importante entender que el duelo es real y profundo, las emociones experimentadas por las familias que atraviesan por esta situaci\u00f3n, son abrumadoras, el dolor, la tristeza, el enojo, la culpa e incluso la sensaci\u00f3n del vac\u00edo pueden ser desgarradoras\u201d, destac\u00f3 Paola Delgadillo.<\/p>\n\n\n\n<figure class=\"wp-block-embed is-type-rich is-provider-twitter wp-block-embed-twitter\"><div class=\"wp-block-embed__wrapper\">\n<blockquote class=\"twitter-tweet\" data-width=\"550\" data-dnt=\"true\"><p lang=\"es\" dir=\"ltr\">Para crear conciencia sobre el duelo gestacional, perinatal y neonatal en nuestra sociedad, el DIF MORELIA, encabezado por mi esposa Paola Delgadillo, organiz\u00f3 la presentaci\u00f3n del libro &quot;Aunque no te pueda ver&quot; de Carmen A. Ju\u00e1rez Acevedo. <a href=\"https:\/\/t.co\/osmCj8tGkx\">pic.twitter.com\/osmCj8tGkx<\/a><\/p>&mdash; Alfonso Mart\u00ednez (@AlfonsoMtz_Mx) <a href=\"https:\/\/twitter.com\/AlfonsoMtz_Mx\/status\/1712205936452886641?ref_src=twsrc%5Etfw\">October 11, 2023<\/a><\/blockquote><script async src=\"https:\/\/platform.twitter.com\/widgets.js\" charset=\"utf-8\"><\/script>\n<\/div><\/figure>\n\n\n\n<p>En ese sentido, el Gobierno de Morelia que encabeza el Presidente Municipal, Alfonso Mart\u00ednez Alc\u00e1zar, suma esfuerzos a trav\u00e9s de una red de acompa\u00f1amiento perinatal y la Asociaci\u00f3n de Tejedoras de Etzatl\u00e1n, Jalisco, con quienes se instal\u00f3 e inaugur\u00f3 la colocaci\u00f3n de un Cielo Tejido en la Calzada Fray Antonio de San Miguel, que evoca el abrazo a todos esos beb\u00e9s que han partido.<\/p>\n\n\n\n<p>Carmen Ju\u00e1rez, psicoterapeuta neonatal y especialista en salud mental materna, destac\u00f3 que su libro rescata el proceso para vivir un duelo sano y partir de la afirmaci\u00f3n de que tener un hijo te cambia la vida, el no tenerlo tambi\u00e9n.<\/p>\n\n\n\n<p>Por su parte, Lorena Mingramm comparti\u00f3 su testimonio al perder una hija y dar voz a ese dolor que le dej\u00f3 la p\u00e9rdida, adem\u00e1s de ayudar a otras personas a concientizar sobre el duelo, el acompa\u00f1ar a otras familias que viven esto y el reconocimiento de esta situaci\u00f3n.<\/p>\n\n\n\n<p>El programa de actividades por el duelo gestacional, que incluye conferencias y paneles, permitir\u00e1 acercar informaci\u00f3n, apoyo y comprensi\u00f3n a las familias que han pasado por esta situaci\u00f3n. Para m\u00e1s detalles sobre estas pr\u00f3ximas actividades, los interesados pueden comunicarse al 443 113 4000.<\/p>\n\n\n\n<figure class=\"wp-block-embed is-type-rich is-provider-twitter wp-block-embed-twitter\"><div class=\"wp-block-embed__wrapper\">\n<blockquote class=\"twitter-tweet\" data-width=\"550\" data-dnt=\"true\"><p lang=\"es\" dir=\"ltr\">Tambi\u00e9n inauguramos el Cielo Tejido en la Calzada Fray Antonio de San Miguel, un homenaje a todos los beb\u00e9s que han partido. <a href=\"https:\/\/t.co\/ZYEhaxcspi\">pic.twitter.com\/ZYEhaxcspi<\/a><\/p>&mdash; Alfonso Mart\u00ednez (@AlfonsoMtz_Mx) <a href=\"https:\/\/twitter.com\/AlfonsoMtz_Mx\/status\/1712205939380727817?ref_src=twsrc%5Etfw\">October 11, 2023<\/a><\/blockquote><script async src=\"https:\/\/platform.twitter.com\/widgets.js\" charset=\"utf-8\"><\/script>\n<\/div><\/figure>\n","protected":false},"excerpt":{"rendered":"<p>Con el fin de visibilizar y concientizar a la sociedad moreliana sobre el duelo gestacional, perinatal y neonatal, el Gobierno de Morelia, a trav\u00e9s del DIF Morelia, realiz\u00f3 la presentaci\u00f3n del libro \u201cAunque no te pueda ver\u201d de la autora Carmen A. Ju\u00e1rez Acevedo, en el Centro Cultural de la UNAM Morelia.<\/p>\n","protected":false},"author":1,"featured_media":133983,"comment_status":"open","ping_status":"open","sticky":false,"template":"","format":"standard","meta":{"footnotes":""},"categories":[4],"tags":[],"class_list":["post-133976","post","type-post","status-publish","format-standard","has-post-thumbnail","hentry","category-estados"],"aioseo_notices":[],"_links":{"self":[{"href":"https:\/\/insurgentepress.mx\/index.php\/wp-json\/wp\/v2\/posts\/133976","targetHints":{"allow":["GET"]}}],"collection":[{"href":"https:\/\/insurgentepress.mx\/index.php\/wp-json\/wp\/v2\/posts"}],"about":[{"href":"https:\/\/insurgentepress.mx\/index.php\/wp-json\/wp\/v2\/types\/post"}],"author":[{"embeddable":true,"href":"https:\/\/insurgentepress.mx\/index.php\/wp-json\/wp\/v2\/users\/1"}],"replies":[{"embeddable":true,"href":"https:\/\/insurgentepress.mx\/index.php\/wp-json\/wp\/v2\/comments?post=133976"}],"version-history":[{"count":1,"href":"https:\/\/insurgentepress.mx\/index.php\/wp-json\/wp\/v2\/posts\/133976\/revisions"}],"predecessor-version":[{"id":133984,"href":"https:\/\/insurgentepress.mx\/index.php\/wp-json\/wp\/v2\/posts\/133976\/revisions\/133984"}],"wp:featuredmedia":[{"embeddable":true,"href":"https:\/\/insurgentepress.mx\/index.php\/wp-json\/wp\/v2\/media\/133983"}],"wp:attachment":[{"href":"https:\/\/insurgentepress.mx\/index.php\/wp-json\/wp\/v2\/media?parent=133976"}],"wp:term":[{"taxonomy":"category","embeddable":true,"href":"https:\/\/insurgentepress.mx\/index.php\/wp-json\/wp\/v2\/categories?post=133976"},{"taxonomy":"post_tag","embeddable":true,"href":"https:\/\/insurgentepress.mx\/index.php\/wp-json\/wp\/v2\/tags?post=133976"}],"curies":[{"name":"wp","href":"https:\/\/api.w.org\/{rel}","templated":true}]}}