{"id":135675,"date":"2024-05-14T15:48:35","date_gmt":"2024-05-14T20:48:35","guid":{"rendered":"https:\/\/insurgentepress.mx\/?p=135675"},"modified":"2024-05-13T13:51:20","modified_gmt":"2024-05-13T18:51:20","slug":"cmb-quita-titulo-de-los-medianos-a-charlo-bajo-sospecha-de-conducir-ebrio","status":"publish","type":"post","link":"https:\/\/insurgentepress.mx\/index.php\/2024\/05\/14\/cmb-quita-titulo-de-los-medianos-a-charlo-bajo-sospecha-de-conducir-ebrio\/","title":{"rendered":"CMB quita t\u00edtulo de los medianos a Charlo bajo sospecha de conducir ebrio"},"content":{"rendered":"<p>Agencias, Ciudad de M\u00e9xico.-\u00a0El Consejo Mundial de Boxeo despoj\u00f3 al invicto Jermall Charlo de su t\u00edtulo de los medianos tras su arresto esta semana bajo la sospecha de conducir ebrio en Texas.<\/p>\n<p>La Junta de la organizaci\u00f3n nombr\u00f3 el martes al dominicano Carlos Adames como nuevo campe\u00f3n en la divisi\u00f3n. Charlo no defendi\u00f3 su t\u00edtulo desde 2021, y Adames se convirti\u00f3 en campe\u00f3n interino en octubre de 2022.<\/p>\n<p>La polic\u00eda de Pearland, un suburbio de Houston, arrest\u00f3 a Charlo, de 33 a\u00f1os, por tres cargos menores el lunes por la noche. De acuerdo con el informe policial, la cantidad de alcohol en sangre sobrepas\u00f3 lel \u00edndice de 0,15, el doble del l\u00edmite legal, despu\u00e9s de que choc\u00f3 contra otro veh\u00edculo y huy\u00f3 de la polic\u00eda.<\/p>\n<p>\u201cEl CMB ha proporcionado apoyo y continuar\u00e1 haciendo todo lo posible para ayudar a Jermall Charlo durante los momentos dif\u00edciles con respecto al bienestar mental\u201d, dijo el organismo en un comunicado. \u201cDespu\u00e9s de una evaluaci\u00f3n exhaustiva de la situaci\u00f3n y la comprensi\u00f3n de los hechos y los tiempos, se puede clasificar a Jermall en el peso supermediano\u201d.<\/p>\n<p>El enfrentamiento m\u00e1s reciente de Charlo fue en noviembre, una victoria por decisi\u00f3n un\u00e1nime sobre Jos\u00e9 Benavidez Jr. en una pelea sin t\u00edtulo de por medio. Charlo tiene marca de 33-0 con 22 nocauts.<\/p>\n","protected":false},"excerpt":{"rendered":"<p>Agencias, Ciudad de M\u00e9xico.-\u00a0El Consejo Mundial de Boxeo despoj\u00f3 al invicto Jermall Charlo de su t\u00edtulo de los medianos tras su arresto esta semana bajo la sospecha de conducir ebrio en Texas. La Junta de la organizaci\u00f3n nombr\u00f3 el martes al dominicano Carlos Adames como nuevo campe\u00f3n en la divisi\u00f3n. Charlo no defendi\u00f3 su t\u00edtulo [&hellip;]<\/p>\n","protected":false},"author":1,"featured_media":135677,"comment_status":"open","ping_status":"open","sticky":false,"template":"","format":"standard","meta":{"footnotes":""},"categories":[9],"tags":[],"class_list":["post-135675","post","type-post","status-publish","format-standard","has-post-thumbnail","hentry","category-rafaga-deportiva"],"aioseo_notices":[],"_links":{"self":[{"href":"https:\/\/insurgentepress.mx\/index.php\/wp-json\/wp\/v2\/posts\/135675","targetHints":{"allow":["GET"]}}],"collection":[{"href":"https:\/\/insurgentepress.mx\/index.php\/wp-json\/wp\/v2\/posts"}],"about":[{"href":"https:\/\/insurgentepress.mx\/index.php\/wp-json\/wp\/v2\/types\/post"}],"author":[{"embeddable":true,"href":"https:\/\/insurgentepress.mx\/index.php\/wp-json\/wp\/v2\/users\/1"}],"replies":[{"embeddable":true,"href":"https:\/\/insurgentepress.mx\/index.php\/wp-json\/wp\/v2\/comments?post=135675"}],"version-history":[{"count":1,"href":"https:\/\/insurgentepress.mx\/index.php\/wp-json\/wp\/v2\/posts\/135675\/revisions"}],"predecessor-version":[{"id":135678,"href":"https:\/\/insurgentepress.mx\/index.php\/wp-json\/wp\/v2\/posts\/135675\/revisions\/135678"}],"wp:featuredmedia":[{"embeddable":true,"href":"https:\/\/insurgentepress.mx\/index.php\/wp-json\/wp\/v2\/media\/135677"}],"wp:attachment":[{"href":"https:\/\/insurgentepress.mx\/index.php\/wp-json\/wp\/v2\/media?parent=135675"}],"wp:term":[{"taxonomy":"category","embeddable":true,"href":"https:\/\/insurgentepress.mx\/index.php\/wp-json\/wp\/v2\/categories?post=135675"},{"taxonomy":"post_tag","embeddable":true,"href":"https:\/\/insurgentepress.mx\/index.php\/wp-json\/wp\/v2\/tags?post=135675"}],"curies":[{"name":"wp","href":"https:\/\/api.w.org\/{rel}","templated":true}]}}