{"id":135715,"date":"2024-05-04T10:09:47","date_gmt":"2024-05-04T15:09:47","guid":{"rendered":"https:\/\/insurgentepress.mx\/?p=135715"},"modified":"2024-05-14T12:02:44","modified_gmt":"2024-05-14T17:02:44","slug":"justicia-irani-condena-a-cinco-anos-de-carcel-al-cineasta-mohammad-rasoulof","status":"publish","type":"post","link":"https:\/\/insurgentepress.mx\/index.php\/2024\/05\/04\/justicia-irani-condena-a-cinco-anos-de-carcel-al-cineasta-mohammad-rasoulof\/","title":{"rendered":"Justicia iran\u00ed condena a cinco a\u00f1os de c\u00e1rcel al cineasta Mohammad Rasoulof"},"content":{"rendered":"<p>Agencias, Ciudad de M\u00e9xico.-\u00a0El director de cine iran\u00ed Mohammad Rasoulof, cuya \u00faltima pel\u00edcula se proyectar\u00e1 este mes en el Festival de Cannes, fue condenado por la justicia de la Rep\u00fablica Isl\u00e1mica a cinco a\u00f1os de c\u00e1rcel por \u00abcolusi\u00f3n contra la seguridad nacional\u00bb, inform\u00f3 el mi\u00e9rcoles su abogado.<\/p>\n<p>El veredicto tambi\u00e9n determina penas de \u00abazotes, multa y confiscaci\u00f3n de bienes\u00bb del director, precis\u00f3 el abogado Babak Paknia, en la red social X.<\/p>\n<p>Los medios oficiales iran\u00edes no han dado parte hasta el momento de ninguna informaci\u00f3n sobre esta sentencia.<\/p>\n<p>Babak Paknia precis\u00f3 que la condena fue de 8 a\u00f1os de c\u00e1rcel, 5 de ellos efectivos, contra Rasoulof, quien en 2020 gan\u00f3 el Oso de Oro del del Festival de Berl\u00edn con su pel\u00edcula contra la pena capital \u00abLa vida de los dem\u00e1s\u00bb.<\/p>\n<p>Rasoulof, de 52 a\u00f1os, fue detenido en julio de 2022 por haber apoyado las manifestaciones que estallaron en Ir\u00e1n tras el derrumbe de un edificio en el cual murieron m\u00e1s de 40 personas en el sudoeste del pa\u00eds.<\/p>\n<p>En esa ocasi\u00f3n, un grupo de cineastas iran\u00edes congregados por Rasoulof pidi\u00f3 en una carta abierta que las fuerzas de seguridad \u00abdepongan las armas\u00bb ante la indignaci\u00f3n popular contra \u00abla corrupci\u00f3n\u00bb y \u00abla incompetencia\u00bb de los dirigentes.<\/p>\n<p>Las autoridades lo liberaron a finales de 2023, despu\u00e9s de que las protestas antigubernamentales iniciadas en septiembre de 2022 se apagaran progresivamente.<\/p>\n<p>Su pel\u00edcula \u00abThe Seed of the Sacred Fig\u00bb fue seleccionada en la competici\u00f3n oficial del festival de Cannes, que se inaugurar\u00e1 el 14 de mayo en esa ciudad del Mediterr\u00e1neo franc\u00e9s.<\/p>\n<p>Paknia, su abogado, inform\u00f3 el 30 de abril que las autoridades iran\u00edes hab\u00edan interrogado a miembros del equipo de rodaje y a actores de su \u00faltima pel\u00edcula.<\/p>\n<p>El letrado tambi\u00e9n denunci\u00f3 las presiones recibidas para retirar el filme del festival de Cannes.<\/p>\n<p>En un mensaje en la red social X, precis\u00f3 que a algunos int\u00e9rpretes se les hab\u00eda prohibido salir del pa\u00eds.<\/p>\n<p>Paknia hab\u00eda dicho que desconoc\u00eda si Rasoulof iba a poder salir de Ir\u00e1n para asistir al festival franc\u00e9s.<\/p>\n<p>Acudir al Festival de Cannes se ha vuelto cada vez m\u00e1s dif\u00edcil para los directores y actores iran\u00edes en los \u00faltimos a\u00f1os.<\/p>\n<p>El director Saeed Roustaee, por ejemplo, fue condenado a seis meses de prisi\u00f3n por proyectar su pel\u00edcula \u00abLa familia de Leila\u00bb (\u00abLeila&#8217;s Brothers\u00bb, en ingl\u00e9s) en la edici\u00f3n de 2022.<\/p>\n<p>Las autoridades de la Rep\u00fablica Isl\u00e1mica alegaron en ese entonces que la pel\u00edcula se hab\u00eda proyectado sin autorizaci\u00f3n.<\/p>\n<p>Su protagonista, Taraneh Alidoosti, fue liberada a principios de 2023 tras pasar casi tres semanas en la c\u00e1rcel por su apoyo al movimiento de protesta desencadenado por la muerte Mahsa Amini en septiembre de 2022.<\/p>\n<p>Amini fue detenida por presunto incumplimiento del estricto c\u00f3digo de vestimenta de las mujeres en el pa\u00eds.<\/p>\n<p>Ir\u00e1n cuenta desde hace tiempo con un pr\u00f3spero panorama cinematogr\u00e1fico y ha cosechado premios en todo el mundo, con figuras como Jafar Panahi y Asghar Farhadi.<\/p>\n","protected":false},"excerpt":{"rendered":"<p>Agencias, Ciudad de M\u00e9xico.-\u00a0El director de cine iran\u00ed Mohammad Rasoulof, cuya \u00faltima pel\u00edcula se proyectar\u00e1 este mes en el Festival de Cannes, fue condenado por la justicia de la Rep\u00fablica Isl\u00e1mica a cinco a\u00f1os de c\u00e1rcel por \u00abcolusi\u00f3n contra la seguridad nacional\u00bb, inform\u00f3 el mi\u00e9rcoles su abogado. El veredicto tambi\u00e9n determina penas de \u00abazotes, multa [&hellip;]<\/p>\n","protected":false},"author":1,"featured_media":135717,"comment_status":"open","ping_status":"open","sticky":false,"template":"","format":"standard","meta":{"footnotes":""},"categories":[5],"tags":[],"class_list":["post-135715","post","type-post","status-publish","format-standard","has-post-thumbnail","hentry","category-internacional"],"aioseo_notices":[],"_links":{"self":[{"href":"https:\/\/insurgentepress.mx\/index.php\/wp-json\/wp\/v2\/posts\/135715","targetHints":{"allow":["GET"]}}],"collection":[{"href":"https:\/\/insurgentepress.mx\/index.php\/wp-json\/wp\/v2\/posts"}],"about":[{"href":"https:\/\/insurgentepress.mx\/index.php\/wp-json\/wp\/v2\/types\/post"}],"author":[{"embeddable":true,"href":"https:\/\/insurgentepress.mx\/index.php\/wp-json\/wp\/v2\/users\/1"}],"replies":[{"embeddable":true,"href":"https:\/\/insurgentepress.mx\/index.php\/wp-json\/wp\/v2\/comments?post=135715"}],"version-history":[{"count":1,"href":"https:\/\/insurgentepress.mx\/index.php\/wp-json\/wp\/v2\/posts\/135715\/revisions"}],"predecessor-version":[{"id":135718,"href":"https:\/\/insurgentepress.mx\/index.php\/wp-json\/wp\/v2\/posts\/135715\/revisions\/135718"}],"wp:featuredmedia":[{"embeddable":true,"href":"https:\/\/insurgentepress.mx\/index.php\/wp-json\/wp\/v2\/media\/135717"}],"wp:attachment":[{"href":"https:\/\/insurgentepress.mx\/index.php\/wp-json\/wp\/v2\/media?parent=135715"}],"wp:term":[{"taxonomy":"category","embeddable":true,"href":"https:\/\/insurgentepress.mx\/index.php\/wp-json\/wp\/v2\/categories?post=135715"},{"taxonomy":"post_tag","embeddable":true,"href":"https:\/\/insurgentepress.mx\/index.php\/wp-json\/wp\/v2\/tags?post=135715"}],"curies":[{"name":"wp","href":"https:\/\/api.w.org\/{rel}","templated":true}]}}