{"id":137562,"date":"2024-09-05T09:05:37","date_gmt":"2024-09-05T14:05:37","guid":{"rendered":"https:\/\/insurgentepress.mx\/?p=137562"},"modified":"2024-09-02T19:06:56","modified_gmt":"2024-09-03T00:06:56","slug":"exigen-que-se-revisen-las-concesiones-mineras-en-reserva-del-choco-andino-peruano","status":"publish","type":"post","link":"https:\/\/insurgentepress.mx\/index.php\/2024\/09\/05\/exigen-que-se-revisen-las-concesiones-mineras-en-reserva-del-choco-andino-peruano\/","title":{"rendered":"Exigen que se revisen las concesiones mineras en reserva del Choc\u00f3 Andino peruano"},"content":{"rendered":"<p>Agencias, Ciudad de M\u00e9xico.-\u00a0Pobladores y activistas del Choc\u00f3 Andino, una reserva de la bi\u00f3sfera situada cerca de la capital ecuatoriana, exigieron al Estado que revise las concesiones mineras en ese territorio, en cumplimiento de una consulta popular nacional de hace un a\u00f1o que prohibi\u00f3 la miner\u00eda met\u00e1lica en esa zona.<\/p>\n<p>As\u00ed lo plante\u00f3 el colectivo &#8216;Quito sin miner\u00eda&#8217;, que promovi\u00f3 esa consulta popular y que ahora reclama el cumplimiento de la sentencia aprobada en ese plebiscito.<\/p>\n<p>El Choc\u00f3 Andino, a solo una hora y media del bullicioso tr\u00e1fico de Quito, se despliega como un bosque h\u00famedo subtropical, donde la exuberante vegetaci\u00f3n alberga una rica fauna donde destacan los osos de anteojos y una variedad de colibr\u00edes y cotingas que revolotean con confianza en el lugar.<\/p>\n<p>Hace ya un a\u00f1o, el 20 de agosto de 2023, la poblaci\u00f3n de Quito, con un 68 % de apoyo en una consulta popular, decidi\u00f3 prohibir la explotaci\u00f3n de miner\u00eda met\u00e1lica en las 124.000 hect\u00e1reas que conforman la Mancomunidad del Choc\u00f3 Andino, compuesta por las parroquias rurales de Calacal\u00ed, Gualea, Nanegal, Nanegalito, Nono y Pacto.<\/p>\n<p>Inty Arcos, coordinador de la Mancomunidad del Choc\u00f3 Andino, exigi\u00f3 que se revisen las concesiones mineras entregadas en esta reserva de la bi\u00f3sfera y se tomen las acciones necesarias para cumplir con un mandato de la Corte Constitucional, el m\u00e1ximo organismo de control legal de Ecuador, que ratific\u00f3 la decisi\u00f3n del plebiscito.<\/p>\n<p>En la zona existen doce concesiones mineras met\u00e1licas y otras seis en tr\u00e1mite que abarcan aproximadamente 27.000 hect\u00e1reas.<\/p>\n<p>Arcos recrimin\u00f3 a las autoridades por la falta de transparencia al declarar que no se ha recibido informaci\u00f3n sobre lo que est\u00e1 sucediendo con sus licencias ambientales, de aprovechamiento o de actividades econ\u00f3micas.<\/p>\n<p>El hecho de que no se respete la voluntad popular, seg\u00fan Arcos, socava el proceso democr\u00e1tico que se llev\u00f3 a cabo: \u00abLo que est\u00e1 en juego aqu\u00ed son las estructuras democr\u00e1ticas del pa\u00eds, del Ecuador, hay que respetar eso, sino, \u00bfen qu\u00e9 tipo de dictadura estamos viviendo?\u00bb, declar\u00f3 el activista.<\/p>\n<p>\u00abAqu\u00ed elegimos esto, naturaleza, vida para todos, para todas, agua, ox\u00edgeno, salud\u00bb, a\u00f1adi\u00f3 Arcos, que reclam\u00f3 a las autoridades respetar lo refrendado por la sociedad quite\u00f1a.<\/p>\n<p>Este viernes, dirigentes de &#8216;Quito sin miner\u00eda&#8217; participaron en una reuni\u00f3n en la que estuvieron presentes representantes del Ministerio de Energ\u00eda y Minas, de la cartera de Ambiente, del Municipio de Quito y de las peque\u00f1as mineras de la zona, entre otros, con el objetivo de conocer la situaci\u00f3n de las concesiones y analizar c\u00f3mo aplicar el mandato de la consulta popular.<\/p>\n<p>Teolinda Calle, procuradora del colectivo &#8216;Quito sin miner\u00eda&#8217;, declar\u00f3 tras ese encuentro que, en su opini\u00f3n, \u00abel Estado no tiene una intenci\u00f3n clara de cumplir con el dictamen\u00bb.<\/p>\n<p>En la reuni\u00f3n, destac\u00f3 Calle, tambi\u00e9n se expusieron las amenazas que algunos miembros de su organizaci\u00f3n en las parroquias han recibido por parte de mineros.<\/p>\n<p>La tenacidad de los j\u00f3venes de la zona ha sido fundamental en la defensa de la naturaleza y el modo de vida de las cerca de 20.000 personas que viven en este espacio declarado en 2018 como Reserva de la Bi\u00f3sfera de la Unesco.<\/p>\n<p>Esteban Barriga, un joven miembro de &#8216;Quito sin miner\u00eda&#8217;, declar\u00f3 que uno de los ejes fundamentales de la organizaci\u00f3n es el activismo y el voluntariado, a trav\u00e9s de los cu\u00e1les han activado a m\u00e1s de 2.000 personas, entre las que, a su parecer, la juventud tiene gran presencia y representa entre un 50 y un 60 % del colectivo.<\/p>\n<p>Lo que buscan en la organizaci\u00f3n es un modelo de desarrollo sostenible, en el que el extractivismo minero no tiene cabida, y en el cual la juventud est\u00e9 presente en los espacios de toma de decisiones estrat\u00e9gicas y en los espacios de acci\u00f3n, a\u00f1adi\u00f3.<\/p>\n<p>\u00abEl inter\u00e9s de los y las j\u00f3venes es justamente poder encontrar estos espacios que permiten una armon\u00eda en el modelo en el que estamos viviendo ahora\u00bb, declar\u00f3 Barriga.<\/p>\n","protected":false},"excerpt":{"rendered":"<p>Agencias, Ciudad de M\u00e9xico.-\u00a0Pobladores y activistas del Choc\u00f3 Andino, una reserva de la bi\u00f3sfera situada cerca de la capital ecuatoriana, exigieron al Estado que revise las concesiones mineras en ese territorio, en cumplimiento de una consulta popular nacional de hace un a\u00f1o que prohibi\u00f3 la miner\u00eda met\u00e1lica en esa zona. As\u00ed lo plante\u00f3 el colectivo [&hellip;]<\/p>\n","protected":false},"author":1,"featured_media":137564,"comment_status":"open","ping_status":"open","sticky":false,"template":"","format":"standard","meta":{"footnotes":""},"categories":[11],"tags":[],"class_list":["post-137562","post","type-post","status-publish","format-standard","has-post-thumbnail","hentry","category-startup"],"aioseo_notices":[],"_links":{"self":[{"href":"https:\/\/insurgentepress.mx\/index.php\/wp-json\/wp\/v2\/posts\/137562","targetHints":{"allow":["GET"]}}],"collection":[{"href":"https:\/\/insurgentepress.mx\/index.php\/wp-json\/wp\/v2\/posts"}],"about":[{"href":"https:\/\/insurgentepress.mx\/index.php\/wp-json\/wp\/v2\/types\/post"}],"author":[{"embeddable":true,"href":"https:\/\/insurgentepress.mx\/index.php\/wp-json\/wp\/v2\/users\/1"}],"replies":[{"embeddable":true,"href":"https:\/\/insurgentepress.mx\/index.php\/wp-json\/wp\/v2\/comments?post=137562"}],"version-history":[{"count":1,"href":"https:\/\/insurgentepress.mx\/index.php\/wp-json\/wp\/v2\/posts\/137562\/revisions"}],"predecessor-version":[{"id":137565,"href":"https:\/\/insurgentepress.mx\/index.php\/wp-json\/wp\/v2\/posts\/137562\/revisions\/137565"}],"wp:featuredmedia":[{"embeddable":true,"href":"https:\/\/insurgentepress.mx\/index.php\/wp-json\/wp\/v2\/media\/137564"}],"wp:attachment":[{"href":"https:\/\/insurgentepress.mx\/index.php\/wp-json\/wp\/v2\/media?parent=137562"}],"wp:term":[{"taxonomy":"category","embeddable":true,"href":"https:\/\/insurgentepress.mx\/index.php\/wp-json\/wp\/v2\/categories?post=137562"},{"taxonomy":"post_tag","embeddable":true,"href":"https:\/\/insurgentepress.mx\/index.php\/wp-json\/wp\/v2\/tags?post=137562"}],"curies":[{"name":"wp","href":"https:\/\/api.w.org\/{rel}","templated":true}]}}