{"id":137675,"date":"2024-09-11T11:19:16","date_gmt":"2024-09-11T16:19:16","guid":{"rendered":"https:\/\/insurgentepress.mx\/?p=137675"},"modified":"2024-09-09T12:00:48","modified_gmt":"2024-09-09T17:00:48","slug":"bruno-fernandes-capitan-del-manchester-united-firma-nuevo-contrato-vigente-hasta-2027","status":"publish","type":"post","link":"https:\/\/insurgentepress.mx\/index.php\/2024\/09\/11\/bruno-fernandes-capitan-del-manchester-united-firma-nuevo-contrato-vigente-hasta-2027\/","title":{"rendered":"Bruno Fernandes, capit\u00e1n del Manchester United, firma nuevo contrato, vigente hasta 2027"},"content":{"rendered":"<p>Agencias, Ciudad de M\u00e9xico.-\u00a0Bruno Fernandes, capit\u00e1n del Macnhester United, firm\u00f3 un nuevo contrato que lo mantendr\u00e1 en Old Trafford hasta junio de 2027.<\/p>\n<p>El centrocampista portugu\u00e9s ha sido una figura clave para los Red Devils desde enero de 2020, cuando lleg\u00f3. Anot\u00f3 79 goles en sus 234 apariciones con el club.<\/p>\n<p>El United anunci\u00f3 el mi\u00e9rcoles el nuevo acuerdo, que incluye una opci\u00f3n para un a\u00f1o adicional. La firma llega tras una serie de especulaciones en el ocaso de la campa\u00f1a anterior, acerca de que Fernandes podr\u00eda marcharse del equipo este verano boreal.<\/p>\n<p>\u201cTodos conocen la pasi\u00f3n que tengo por el Manchester United\u201d, dijo Fernandes, de 29 a\u00f1os. \u201cEntiendo la responsabilidad y significado de usar esta camiseta, y los niveles de dedicaci\u00f3n y deseo que se requieren para representar a este club incre\u00edble.<\/p>\n<p>\u201cHe tenido ya muchos momentos especiales aqu\u00ed&#8230; Pero no habr\u00eda firmado este contrato si no creyera que mis mejores momentos con la casaca del United est\u00e1n por venir\u201d.<\/p>\n<p>El nuevo acuerdo de Fernandes representa un nuevo impulso para el equipo dirigido por Erik ten Hag, en un verano en que llegaron tambi\u00e9n Leny Yoro, Joshua Zirkzee, Matthijs de Ligt y Noussair Mazraoui.<\/p>\n<p>Tras una temporada en que conquist\u00f3 la Copa de la FA y mejor\u00f3 al terminar octavo de la Liga Premier, el Man U busca dar otro paso en este nuevo a\u00f1o futbol\u00edstico.<\/p>\n","protected":false},"excerpt":{"rendered":"<p>Agencias, Ciudad de M\u00e9xico.-\u00a0Bruno Fernandes, capit\u00e1n del Macnhester United, firm\u00f3 un nuevo contrato que lo mantendr\u00e1 en Old Trafford hasta junio de 2027. El centrocampista portugu\u00e9s ha sido una figura clave para los Red Devils desde enero de 2020, cuando lleg\u00f3. Anot\u00f3 79 goles en sus 234 apariciones con el club. El United anunci\u00f3 el [&hellip;]<\/p>\n","protected":false},"author":1,"featured_media":137677,"comment_status":"open","ping_status":"open","sticky":false,"template":"","format":"standard","meta":{"footnotes":""},"categories":[9],"tags":[],"class_list":["post-137675","post","type-post","status-publish","format-standard","has-post-thumbnail","hentry","category-rafaga-deportiva"],"aioseo_notices":[],"_links":{"self":[{"href":"https:\/\/insurgentepress.mx\/index.php\/wp-json\/wp\/v2\/posts\/137675","targetHints":{"allow":["GET"]}}],"collection":[{"href":"https:\/\/insurgentepress.mx\/index.php\/wp-json\/wp\/v2\/posts"}],"about":[{"href":"https:\/\/insurgentepress.mx\/index.php\/wp-json\/wp\/v2\/types\/post"}],"author":[{"embeddable":true,"href":"https:\/\/insurgentepress.mx\/index.php\/wp-json\/wp\/v2\/users\/1"}],"replies":[{"embeddable":true,"href":"https:\/\/insurgentepress.mx\/index.php\/wp-json\/wp\/v2\/comments?post=137675"}],"version-history":[{"count":1,"href":"https:\/\/insurgentepress.mx\/index.php\/wp-json\/wp\/v2\/posts\/137675\/revisions"}],"predecessor-version":[{"id":137678,"href":"https:\/\/insurgentepress.mx\/index.php\/wp-json\/wp\/v2\/posts\/137675\/revisions\/137678"}],"wp:featuredmedia":[{"embeddable":true,"href":"https:\/\/insurgentepress.mx\/index.php\/wp-json\/wp\/v2\/media\/137677"}],"wp:attachment":[{"href":"https:\/\/insurgentepress.mx\/index.php\/wp-json\/wp\/v2\/media?parent=137675"}],"wp:term":[{"taxonomy":"category","embeddable":true,"href":"https:\/\/insurgentepress.mx\/index.php\/wp-json\/wp\/v2\/categories?post=137675"},{"taxonomy":"post_tag","embeddable":true,"href":"https:\/\/insurgentepress.mx\/index.php\/wp-json\/wp\/v2\/tags?post=137675"}],"curies":[{"name":"wp","href":"https:\/\/api.w.org\/{rel}","templated":true}]}}