{"id":138115,"date":"2024-10-10T09:16:53","date_gmt":"2024-10-10T14:16:53","guid":{"rendered":"https:\/\/insurgentepress.mx\/?p=138115"},"modified":"2024-10-10T18:11:36","modified_gmt":"2024-10-10T23:11:36","slug":"la-economia-alemana-volvera-a-contraerse-en-2024","status":"publish","type":"post","link":"https:\/\/insurgentepress.mx\/index.php\/2024\/10\/10\/la-economia-alemana-volvera-a-contraerse-en-2024\/","title":{"rendered":"La econom\u00eda alemana volver\u00e1 a contraerse en 2024"},"content":{"rendered":"<p>Agencias, Ciudad de M\u00e9xico.-\u00a0Los principales institutos econ\u00f3micos de Alemania han revisado a la baja sus previsiones para 2024 y ahora prev\u00e9n que la mayor econom\u00eda de Europa se contraiga un 0,1%, dijeron el martes a Reuters personas familiarizadas con las cifras de las previsiones econ\u00f3micas conjuntas para los pr\u00f3ximos meses.<\/p>\n<p>La econom\u00eda alemana fue la m\u00e1s d\u00e9bil de la zona euro el a\u00f1o pasado, con una contracci\u00f3n del 0,3%.<\/p>\n<p>Incluso con una inflaci\u00f3n a la baja, el consumo sigue siendo d\u00e9bil y los elevados costes de la energ\u00eda, la debilidad de los pedidos mundiales y los altos tipos de inter\u00e9s siguen pasando factura.<\/p>\n<p>Los \u00faltimos datos econ\u00f3micos pintan un panorama sombr\u00edo. La moral de las empresas alemanas cay\u00f3 en septiembre por cuarto mes consecutivo y m\u00e1s de lo esperado, seg\u00fan una encuesta publicada el martes.<\/p>\n<p>De acuerdo con una serie de datos publicados el lunes, la actividad empresarial alemana se contrajo en septiembre al ritmo m\u00e1s brusco de los \u00faltimos siete meses, lo que sit\u00faa a la econom\u00eda en v\u00edas de registrar un segundo trimestre consecutivo de ca\u00edda de la producci\u00f3n.<\/p>\n<p>Los institutos econ\u00f3micos tambi\u00e9n han recortado sus previsiones para los pr\u00f3ximos a\u00f1os, seg\u00fan las fuentes. La previsi\u00f3n de crecimiento para 2025 se ha reducido al 0,8% desde el 1,4%, y para 2026, los institutos prev\u00e9n un crecimiento del 1,3%, dijeron las fuentes.<\/p>\n<p>Las previsiones econ\u00f3micas conjuntas de los institutos se publicar\u00e1n el jueves, por lo que las cifras podr\u00edan cambiar ligeramente antes de esa fecha.<\/p>\n<p>El Ministerio de Econom\u00eda incorpora las estimaciones combinadas de varios institutos econ\u00f3micos \u2014Ifo, DIW, IWH, IfW y RWI\u2014 a sus propias previsiones.<\/p>\n<p>Seg\u00fan sus \u00faltimas previsiones, el Gobierno alem\u00e1n espera que la econom\u00eda crezca un 0,3% este a\u00f1o.<\/p>\n","protected":false},"excerpt":{"rendered":"<p>Agencias, Ciudad de M\u00e9xico.-\u00a0Los principales institutos econ\u00f3micos de Alemania han revisado a la baja sus previsiones para 2024 y ahora prev\u00e9n que la mayor econom\u00eda de Europa se contraiga un 0,1%, dijeron el martes a Reuters personas familiarizadas con las cifras de las previsiones econ\u00f3micas conjuntas para los pr\u00f3ximos meses. La econom\u00eda alemana fue la [&hellip;]<\/p>\n","protected":false},"author":1,"featured_media":138027,"comment_status":"open","ping_status":"open","sticky":false,"template":"","format":"standard","meta":{"footnotes":""},"categories":[11],"tags":[],"class_list":["post-138115","post","type-post","status-publish","format-standard","has-post-thumbnail","hentry","category-startup"],"aioseo_notices":[],"_links":{"self":[{"href":"https:\/\/insurgentepress.mx\/index.php\/wp-json\/wp\/v2\/posts\/138115","targetHints":{"allow":["GET"]}}],"collection":[{"href":"https:\/\/insurgentepress.mx\/index.php\/wp-json\/wp\/v2\/posts"}],"about":[{"href":"https:\/\/insurgentepress.mx\/index.php\/wp-json\/wp\/v2\/types\/post"}],"author":[{"embeddable":true,"href":"https:\/\/insurgentepress.mx\/index.php\/wp-json\/wp\/v2\/users\/1"}],"replies":[{"embeddable":true,"href":"https:\/\/insurgentepress.mx\/index.php\/wp-json\/wp\/v2\/comments?post=138115"}],"version-history":[{"count":1,"href":"https:\/\/insurgentepress.mx\/index.php\/wp-json\/wp\/v2\/posts\/138115\/revisions"}],"predecessor-version":[{"id":138117,"href":"https:\/\/insurgentepress.mx\/index.php\/wp-json\/wp\/v2\/posts\/138115\/revisions\/138117"}],"wp:featuredmedia":[{"embeddable":true,"href":"https:\/\/insurgentepress.mx\/index.php\/wp-json\/wp\/v2\/media\/138027"}],"wp:attachment":[{"href":"https:\/\/insurgentepress.mx\/index.php\/wp-json\/wp\/v2\/media?parent=138115"}],"wp:term":[{"taxonomy":"category","embeddable":true,"href":"https:\/\/insurgentepress.mx\/index.php\/wp-json\/wp\/v2\/categories?post=138115"},{"taxonomy":"post_tag","embeddable":true,"href":"https:\/\/insurgentepress.mx\/index.php\/wp-json\/wp\/v2\/tags?post=138115"}],"curies":[{"name":"wp","href":"https:\/\/api.w.org\/{rel}","templated":true}]}}