{"id":138929,"date":"2024-12-04T10:42:14","date_gmt":"2024-12-04T16:42:14","guid":{"rendered":"https:\/\/insurgentepress.mx\/?p=138929"},"modified":"2024-12-04T18:58:49","modified_gmt":"2024-12-05T00:58:49","slug":"beneficiarios-del-daca-temen-que-su-proteccion-no-dure-otro-mandato-de-trump","status":"publish","type":"post","link":"https:\/\/insurgentepress.mx\/index.php\/2024\/12\/04\/beneficiarios-del-daca-temen-que-su-proteccion-no-dure-otro-mandato-de-trump\/","title":{"rendered":"Beneficiarios del DACA temen que su protecci\u00f3n no dure otro mandato de Trump"},"content":{"rendered":"<p>Agencias, Ciudad de M\u00e9xico.-\u00a0Reyna Montoya ten\u00eda 10 a\u00f1os cuando ella y su familia huyeron de la violencia en Tijuana y emigraron ilegalmente a Estados Unidos. Creciendo en Arizona, le preocupaba que incluso una infracci\u00f3n de tr\u00e1fico menor pudiera llevar a su deportaci\u00f3n.<\/p>\n<p>No sinti\u00f3 alivio hasta 11 a\u00f1os despu\u00e9s, en 2012, cuando recibi\u00f3 una carta confirmando que hab\u00eda sido aceptada en un nuevo programa para inmigrantes que llegaron al pa\u00eds sin permiso legal siendo ni\u00f1os.<\/p>\n<p>\u201cDe repente, se abrieron todas estas posibilidades\u201d, dijo Montoya, conteniendo las l\u00e1grimas. El programa Acci\u00f3n Diferida para los Llegados en la Infancia (DACA, por sus siglas en ingl\u00e9s) implementado durante el gobierno de Barack Obama les otorg\u00f3 a ella y a cientos de miles m\u00e1s permisos renovables de dos a\u00f1os para vivir y trabajar legalmente en Estados Unidos.<\/p>\n<p>Pero mientras el presidente electo Donald Trump se prepara para regresar a la Casa Blanca, despu\u00e9s de un intento fallido de terminar con el DACA en su primer mandato, los aproximadamente 535.000 beneficiarios actuales se preparan nuevamente para un torbellino de incertidumbre. Al mismo tiempo, un desaf\u00edo judicial que lleva a\u00f1os contra el DACA podr\u00eda finalmente declararlo ilegal, dejando a personas como Montoya sin protecci\u00f3n contra la deportaci\u00f3n.<\/p>\n<p>\u201cTengo que tomar muy en serio sus palabras (de Trump), que cuando dicen \u2018deportaci\u00f3n masiva\u2019, tambi\u00e9n incluyen a personas como yo\u201d, dijo Montoya, quien dirige Aliento, una organizaci\u00f3n defensora de inmigrantes con sede en Arizona.<\/p>\n<p>La incertidumbre no es nada nuevo para los beneficiarios del DACA. A medida que muchos pasaron de la edad escolar a la adultez, han sido testigos de varias amenazas legales contra el programa.<\/p>\n<p>El DACA no acepta nuevos solicitantes desde 2021, cuando un juez federal lo declar\u00f3 ilegal y orden\u00f3 que no se procesaran nuevas solicitudes, aunque los beneficiarios actuales a\u00fan podr\u00edan renovar sus permisos. La administraci\u00f3n del presidente Joe Biden apel\u00f3 la sentencia, y el caso est\u00e1 pendiente.<\/p>\n<p>Para aquellos que obtuvieron y renovaron los permisos del DACA, los beneficios han sido transformadores. Gracias al programa, Montoya pudo trabajar legalmente por primera vez, obtener atenci\u00f3n m\u00e9dica y dental, y obtener una licencia de conducir.<\/p>\n<p>Muchos beneficiarios esperaban que la vicepresidenta Kamala Harris ganara la presidencia y continuara luchando por ellos. Pero la reelecci\u00f3n de Trump, quien ha acusado repetidamente a los inmigrantes de alimentar el crimen violento y \u201cenvenenar la sangre\u201d de Estados Unidos, ha aumentado sus temores de que DACA podr\u00eda terminar y podr\u00edan enfrentar la deportaci\u00f3n.<\/p>\n<p>Por precauci\u00f3n, algunos se est\u00e1n apresurando a renovar sus permisos, seg\u00fan la Coalici\u00f3n por los Derechos Humanos de los Inmigrantes, que proporciona ayuda legal gratuita durante el extenuante proceso.<\/p>\n<p>Otros se est\u00e1n preparando para posibles separaciones familiares. Pedro Gonzalez-Aboyte, residente de Phoenix y beneficiario del DACA, dijo que \u00e9l y sus padres inmigrantes, junto con sus dos hermanos nacidos en Estados Unidos, recientemente discutieron la posibilidad de ser separados.<\/p>\n<p>Gonzalez-Aboyte record\u00f3 que sus padres, que emigraron de M\u00e9xico, les dijeron que si ellos no pudieran quedarse en el pa\u00eds, mientras los tres hijos est\u00e9n aqu\u00ed y est\u00e9n bien, es lo que quieren para ellos.<\/p>\n<p>\u201cEsa fue una conversaci\u00f3n muy real que tuvimos\u201d, dijo Gonzalez-Aboyte.<\/p>\n<p>Representantes del equipo de transici\u00f3n de Trump no respondieron a las solicitudes enviadas por correo electr\u00f3nico para comentar al respecto.<\/p>\n<p>Aunque no est\u00e1 claro c\u00f3mo Trump podr\u00eda impactar al DACA esta vez, ha sugerido reducir otros programas que ofrecen protecci\u00f3n temporal para los inmigrantes y est\u00e1 incorporando a su administraci\u00f3n entrante a personas de l\u00ednea dura en temas de inmigraci\u00f3n, incluidos Stephen Miller y Thomas Homan.<\/p>\n<p>Durante su primer mandato, Trump intent\u00f3 rescindir al DACA. Pero en 2020, la Corte Suprema concluy\u00f3 que su administraci\u00f3n puso fin al programa de manera inapropiada, aunque no se pronunci\u00f3 sobre la legalidad del DACA.<\/p>\n<p>Sin embargo, el destino del DACA no quedar\u00e1 inmediatamente en manos de Trump, si es que alguna vez lo hace.<\/p>\n<p>Un panel de tres jueces en el Tribunal de Apelaciones del 5to Circuito, considerada la corte de apelaciones m\u00e1s conservadora del pa\u00eds, escuch\u00f3 argumentos en octubre sobre la legalidad del DACA. El caso, inicialmente presentado por Texas y otros estados liderados por republicanos en 2018, ahora se centra en una regla de la administraci\u00f3n Biden destinada a preservar y fortalecer al DACA.<\/p>\n<p>Los abogados de los oponentes al DACA argumentaron que los inmigrantes que est\u00e1n en el pa\u00eds sin permiso legal son una carga financiera para los estados. Mientras tanto, la administraci\u00f3n de Biden, junto con los intervinientes, sostienen que Texas no ha demostrado que los costos que cita sean rastreables a la pol\u00edtica y, por lo tanto, carece de legitimidad.<\/p>\n<p>El panel no tiene un plazo para emitir un fallo, pero independientemente de eso, es probable que el resultado sea apelado, elevando potencialmente el caso a la Corte Suprema.<\/p>\n<p>Stephen Yale-Loehr, profesor de pr\u00e1ctica legal migratoria en la Universidad de Cornell, dijo que el escenario m\u00e1s probable es que el panel afirme que el DACA es ilegal y que el caso llegue ante la Corte Suprema. No anticipa que Trump intente terminar inmediatamente con el DACA, pero no descart\u00f3 la posibilidad.<\/p>\n<p>\u201cNo s\u00e9 si podr\u00edan terminar el programa m\u00e1s r\u00e1pido que el litigio actual\u201d, dijo. \u201cA\u00fan podr\u00edan hacerlo, pero tienen muchos asuntos de pol\u00edtica de inmigraci\u00f3n en su plato\u201d.<\/p>\n<p>Yale-Loehr dijo que la administraci\u00f3n de Biden est\u00e1 limitada en c\u00f3mo podr\u00eda ayudar a los beneficiarios del DACA en esta etapa, pero podr\u00eda permitirles renovar sus permisos temprano y procesarlos lo m\u00e1s r\u00e1pido posible.<\/p>\n<p>Greisa Martinez Rosas es beneficiaria del DACA y directora general de United We Dream, una red de defensa liderada por j\u00f3venes para inmigrantes que cuenta con m\u00e1s de un mill\u00f3n de miembros en todo el pa\u00eds. Dijo que el movimiento por los derechos de los inmigrantes ha crecido mucho desde el primer mandato de Trump, y se ha estado preparando para este momento durante a\u00f1os, \u201cconstruyendo una infraestructura \u00e1gil y receptiva para que podamos hacer cambios a medida que surjan amenazas\u201d.<\/p>\n<p>Agreg\u00f3 que est\u00e1n pidiendo a los estadounidenses que ofrezcan santuario a los inmigrantes, prepar\u00e1ndose para garantizar la seguridad f\u00edsica y psicol\u00f3gica de las personas en caso de deportaciones masivas, planeando manifestaciones y pidiendo ayuda a la administraci\u00f3n actual.<\/p>\n<p>\u201cTodav\u00eda tenemos un par de meses para que la administraci\u00f3n Biden use todas las herramientas a su disposici\u00f3n para proteger y defender a tantas personas como sea posible\u201d, dijo Martinez Rosas en una reciente rueda de prensa. \u201cEsperamos que lo hagan ahora m\u00e1s que nunca\u201d.<\/p>\n","protected":false},"excerpt":{"rendered":"<p>Agencias, Ciudad de M\u00e9xico.-\u00a0Reyna Montoya ten\u00eda 10 a\u00f1os cuando ella y su familia huyeron de la violencia en Tijuana y emigraron ilegalmente a Estados Unidos. Creciendo en Arizona, le preocupaba que incluso una infracci\u00f3n de tr\u00e1fico menor pudiera llevar a su deportaci\u00f3n. No sinti\u00f3 alivio hasta 11 a\u00f1os despu\u00e9s, en 2012, cuando recibi\u00f3 una carta [&hellip;]<\/p>\n","protected":false},"author":1,"featured_media":138931,"comment_status":"open","ping_status":"open","sticky":false,"template":"","format":"standard","meta":{"footnotes":""},"categories":[5],"tags":[],"class_list":["post-138929","post","type-post","status-publish","format-standard","has-post-thumbnail","hentry","category-internacional"],"aioseo_notices":[],"_links":{"self":[{"href":"https:\/\/insurgentepress.mx\/index.php\/wp-json\/wp\/v2\/posts\/138929","targetHints":{"allow":["GET"]}}],"collection":[{"href":"https:\/\/insurgentepress.mx\/index.php\/wp-json\/wp\/v2\/posts"}],"about":[{"href":"https:\/\/insurgentepress.mx\/index.php\/wp-json\/wp\/v2\/types\/post"}],"author":[{"embeddable":true,"href":"https:\/\/insurgentepress.mx\/index.php\/wp-json\/wp\/v2\/users\/1"}],"replies":[{"embeddable":true,"href":"https:\/\/insurgentepress.mx\/index.php\/wp-json\/wp\/v2\/comments?post=138929"}],"version-history":[{"count":1,"href":"https:\/\/insurgentepress.mx\/index.php\/wp-json\/wp\/v2\/posts\/138929\/revisions"}],"predecessor-version":[{"id":138932,"href":"https:\/\/insurgentepress.mx\/index.php\/wp-json\/wp\/v2\/posts\/138929\/revisions\/138932"}],"wp:featuredmedia":[{"embeddable":true,"href":"https:\/\/insurgentepress.mx\/index.php\/wp-json\/wp\/v2\/media\/138931"}],"wp:attachment":[{"href":"https:\/\/insurgentepress.mx\/index.php\/wp-json\/wp\/v2\/media?parent=138929"}],"wp:term":[{"taxonomy":"category","embeddable":true,"href":"https:\/\/insurgentepress.mx\/index.php\/wp-json\/wp\/v2\/categories?post=138929"},{"taxonomy":"post_tag","embeddable":true,"href":"https:\/\/insurgentepress.mx\/index.php\/wp-json\/wp\/v2\/tags?post=138929"}],"curies":[{"name":"wp","href":"https:\/\/api.w.org\/{rel}","templated":true}]}}