{"id":139057,"date":"2024-12-12T11:18:04","date_gmt":"2024-12-12T17:18:04","guid":{"rendered":"https:\/\/insurgentepress.mx\/?p=139057"},"modified":"2024-12-09T14:19:42","modified_gmt":"2024-12-09T20:19:42","slug":"de-la-fuente-defiende-que-los-minutos-con-las-selecciones-de-futbol-son-un-3-5-al-ano","status":"publish","type":"post","link":"https:\/\/insurgentepress.mx\/index.php\/2024\/12\/12\/de-la-fuente-defiende-que-los-minutos-con-las-selecciones-de-futbol-son-un-3-5-al-ano\/","title":{"rendered":"De la Fuente defiende que los minutos con las selecciones de f\u00fatbol son un 3.5% al a\u00f1o"},"content":{"rendered":"<p>Agencias, Ciudad de M\u00e9xico.-\u00a0Luis de la Fuente, seleccionador espa\u00f1ol, defendi\u00f3 que el problema del calendario que est\u00e1 provocando que los futbolistas se planteen una huelga ante el aumento de competiciones y partidos, no es de las selecciones, y lo argument\u00f3 con un estudio de FIFA que indica que representa el 3.5% de minutos en la temporada.<\/p>\n<p>\u00abLa FIFA ha hecho un estudio de los \u00faltimos doce a\u00f1os de cuarenta ligas y el porcentaje que representan los minutos de jugadores que juegan con la selecci\u00f3n es de un 3,5%\u00bb, desvel\u00f3.<\/p>\n<p>Por eso, De la Fuente no valora rotaciones y apuesta por sus mejores futbolistas, valorando siempre la salud del jugador. \u00abSi yo estuviera en un club que tengo al jugador diez meses puedo establecer otra din\u00e1mica con descansos y rotaciones. En la selecci\u00f3n tenemos cuatro ventanas y tenemos que sacar a los mejores jugadores\u00bb.<\/p>\n<p>\u00abNunca somos responsables y hemos priorizado la salud de los futbolistas. Hay muchas ocasiones que decidimos en nuestras reuniones que no venga un jugador porque por las circunstancias particulares de ese futbolista, no viene por preservar su salud. Luego hay que ser responsables y competir porque si no salen los resultados se nos piden explicaciones\u00bb, a\u00f1adi\u00f3.<\/p>\n<p>De la Fuente pidi\u00f3 a todos los estamentos que se sienten a hablar con los futbolistas y se acuerde un nuevo calendario de cara a la pr\u00f3xima temporada.<\/p>\n<p>\u00abLa soluci\u00f3n que veo es el di\u00e1logo, sentarse en el momento oportuno. De nada vale quejarse dependiendo de c\u00f3mo me vaya, de si tengo m\u00e1s o menos bajas. Es un problema que tenemos identificado y que hay que acometer. En el momento de hacer los calendarios los organismos pertinentes que se sienten con los clubes y jugadores, que todos los implicados se sienten y hablen de esta situaci\u00f3n porque es una evidencia pero nadie toma cartas en el asunto\u00bb.<\/p>\n<p>Y quiso dejar claro como seleccionador, que en el panorama futbol\u00edstico actual, no se puede responsabilizar a las selecciones de ser culpables por las lesiones ni el desgaste de los futbolistas.<\/p>\n<p>\u00abLo que est\u00e1 claro es que las selecciones en ning\u00fan caso somos responsables de nada, solo hay que ver los minutos que juegan en todo el a\u00f1o con la selecci\u00f3n. Es nimio\u00bb, sentenci\u00f3.<\/p>\n","protected":false},"excerpt":{"rendered":"<p>Agencias, Ciudad de M\u00e9xico.-\u00a0Luis de la Fuente, seleccionador espa\u00f1ol, defendi\u00f3 que el problema del calendario que est\u00e1 provocando que los futbolistas se planteen una huelga ante el aumento de competiciones y partidos, no es de las selecciones, y lo argument\u00f3 con un estudio de FIFA que indica que representa el 3.5% de minutos en la [&hellip;]<\/p>\n","protected":false},"author":1,"featured_media":138084,"comment_status":"open","ping_status":"open","sticky":false,"template":"","format":"standard","meta":{"footnotes":""},"categories":[9],"tags":[],"class_list":["post-139057","post","type-post","status-publish","format-standard","has-post-thumbnail","hentry","category-rafaga-deportiva"],"aioseo_notices":[],"_links":{"self":[{"href":"https:\/\/insurgentepress.mx\/index.php\/wp-json\/wp\/v2\/posts\/139057","targetHints":{"allow":["GET"]}}],"collection":[{"href":"https:\/\/insurgentepress.mx\/index.php\/wp-json\/wp\/v2\/posts"}],"about":[{"href":"https:\/\/insurgentepress.mx\/index.php\/wp-json\/wp\/v2\/types\/post"}],"author":[{"embeddable":true,"href":"https:\/\/insurgentepress.mx\/index.php\/wp-json\/wp\/v2\/users\/1"}],"replies":[{"embeddable":true,"href":"https:\/\/insurgentepress.mx\/index.php\/wp-json\/wp\/v2\/comments?post=139057"}],"version-history":[{"count":1,"href":"https:\/\/insurgentepress.mx\/index.php\/wp-json\/wp\/v2\/posts\/139057\/revisions"}],"predecessor-version":[{"id":139059,"href":"https:\/\/insurgentepress.mx\/index.php\/wp-json\/wp\/v2\/posts\/139057\/revisions\/139059"}],"wp:featuredmedia":[{"embeddable":true,"href":"https:\/\/insurgentepress.mx\/index.php\/wp-json\/wp\/v2\/media\/138084"}],"wp:attachment":[{"href":"https:\/\/insurgentepress.mx\/index.php\/wp-json\/wp\/v2\/media?parent=139057"}],"wp:term":[{"taxonomy":"category","embeddable":true,"href":"https:\/\/insurgentepress.mx\/index.php\/wp-json\/wp\/v2\/categories?post=139057"},{"taxonomy":"post_tag","embeddable":true,"href":"https:\/\/insurgentepress.mx\/index.php\/wp-json\/wp\/v2\/tags?post=139057"}],"curies":[{"name":"wp","href":"https:\/\/api.w.org\/{rel}","templated":true}]}}