{"id":139086,"date":"2024-12-14T11:25:12","date_gmt":"2024-12-14T17:25:12","guid":{"rendered":"https:\/\/insurgentepress.mx\/?p=139086"},"modified":"2024-12-10T11:27:58","modified_gmt":"2024-12-10T17:27:58","slug":"la-seleccion-de-alemania-busca-centrarse-en-el-futbol-y-no-en-la-politica","status":"publish","type":"post","link":"https:\/\/insurgentepress.mx\/index.php\/2024\/12\/14\/la-seleccion-de-alemania-busca-centrarse-en-el-futbol-y-no-en-la-politica\/","title":{"rendered":"La selecci\u00f3n de Alemania busca centrarse en el f\u00fatbol y no en la pol\u00edtica"},"content":{"rendered":"<p>Agencias, Ciudad de M\u00e9xico.-\u00a0Alemania ya no quiere h\u00e9roes, quiere ganadores.\u00a0Los d\u00edas en que la selecci\u00f3n de Alemania realizaba gestos pol\u00edticos en los torneos de f\u00fatbol parecen haber terminado. El entrenador Julian Nagelsmann afirm\u00f3 que quiere que sus jugadores se concentren en jugar y dejen de lado las declaraciones pol\u00edticas.<\/p>\n<p>\u201cVimos en Qatar (en la Copa del Mundo 2022) que demasiados asuntos pol\u00edticos pueden afectar a un equipo\u201d, dijo Nagelsmann al canal NTV el martes. \u201cCreo que todos hemos aprendido de eso y deber\u00edamos aprender. Por eso tenemos expertos que se ocupan de estas cosas y deber\u00edan ocuparse de ellas. Nosotros somos expertos en deportes y nos ocupamos del deporte\u201d.<\/p>\n<p>Alemania se despidi\u00f3 a las primeras de cambio del Mundial de Qatar, un torneo marcado por las cr\u00edticas al historial de derechos humanos del pa\u00eds anfitri\u00f3n. Muchos aficionados alemanes pidieron boicotear el torneo \u2014 algunos bares en Berl\u00edn y m\u00e1s all\u00e1 se negaron a mostrarlo\u2014 y tanto jugadores como pol\u00edticos hicieron gestos en apoyo a la igualdad de derechos y la tolerancia.<\/p>\n<p>La ministra alemana Nancy Faeser llev\u00f3 un brazalete \u201cOne Love\u201d al lado del presidente de la FIFA, Gianni Infantino, mientras que los jugadores de Alemania se cubrieron la boca para la foto del equipo antes de su primer partido en el Mundial para protestar por la represi\u00f3n de la FIFA al brazalete, ampliamente visto como un gesto de reprimenda a Qatar.<\/p>\n<p>Los comentarios de Nagelsmann el martes hicieron eco a las declaraciones la semana pasada del capit\u00e1n Joshua Kimmich, quien expres\u00f3 su arrepentimiento por los gestos del equipo en Qatar. \u00abRestaron alegr\u00eda al torneo\u201d, dijo.<\/p>\n<p>\u201cNo es nuestro trabajo expresarnos pol\u00edticamente\u201d, indic\u00f3 Kimmich.<\/p>\n<p>Los derechos humanos volver\u00e1n al tapete, ya que Arabia Saudita est\u00e1 a punto de ser confirmada como sede de la Copa del Mundo 2034, en un congreso de la FIFA el 11 de diciembre. Arabia Saud\u00ed es el \u00fanico candidato. El canal RTL inform\u00f3 que la federaci\u00f3n alemana de f\u00fatbol votar\u00e1 a favor del reino como anfitri\u00f3n a pesar de las cr\u00edticas de sindicatos y grupos de derechos humanos como Amnist\u00eda Internacional, Human Rights Watch y FairSquare.<\/p>\n<p>Pero Nagelsmann dice que los problemas de derechos humanos no deber\u00edan preocupar a su equipo.<\/p>\n<p>\u201cAl final, no soy yo como entrenador ni nosotros como equipo quienes tomamos la decisi\u00f3n (del anfitri\u00f3n del Mundial) sino que las decisiones se toman en \u00e1reas completamente diferentes, en diferentes esferas. No tiene tanto que ver con nosotros. Tenemos que prepararnos adecuadamente dondequiera que se celebre el torneo\u201d, dijo Nagelsmann. \u201cCreo que es obvio que no todo es perfecto en Arabia Saud\u00ed. Pero de nuevo, no nos corresponde a nosotros evaluarlo\u201d.<\/p>\n","protected":false},"excerpt":{"rendered":"<p>Agencias, Ciudad de M\u00e9xico.-\u00a0Alemania ya no quiere h\u00e9roes, quiere ganadores.\u00a0Los d\u00edas en que la selecci\u00f3n de Alemania realizaba gestos pol\u00edticos en los torneos de f\u00fatbol parecen haber terminado. El entrenador Julian Nagelsmann afirm\u00f3 que quiere que sus jugadores se concentren en jugar y dejen de lado las declaraciones pol\u00edticas. \u201cVimos en Qatar (en la Copa [&hellip;]<\/p>\n","protected":false},"author":1,"featured_media":138632,"comment_status":"open","ping_status":"open","sticky":false,"template":"","format":"standard","meta":{"footnotes":""},"categories":[9],"tags":[],"class_list":["post-139086","post","type-post","status-publish","format-standard","has-post-thumbnail","hentry","category-rafaga-deportiva"],"aioseo_notices":[],"_links":{"self":[{"href":"https:\/\/insurgentepress.mx\/index.php\/wp-json\/wp\/v2\/posts\/139086","targetHints":{"allow":["GET"]}}],"collection":[{"href":"https:\/\/insurgentepress.mx\/index.php\/wp-json\/wp\/v2\/posts"}],"about":[{"href":"https:\/\/insurgentepress.mx\/index.php\/wp-json\/wp\/v2\/types\/post"}],"author":[{"embeddable":true,"href":"https:\/\/insurgentepress.mx\/index.php\/wp-json\/wp\/v2\/users\/1"}],"replies":[{"embeddable":true,"href":"https:\/\/insurgentepress.mx\/index.php\/wp-json\/wp\/v2\/comments?post=139086"}],"version-history":[{"count":1,"href":"https:\/\/insurgentepress.mx\/index.php\/wp-json\/wp\/v2\/posts\/139086\/revisions"}],"predecessor-version":[{"id":139088,"href":"https:\/\/insurgentepress.mx\/index.php\/wp-json\/wp\/v2\/posts\/139086\/revisions\/139088"}],"wp:featuredmedia":[{"embeddable":true,"href":"https:\/\/insurgentepress.mx\/index.php\/wp-json\/wp\/v2\/media\/138632"}],"wp:attachment":[{"href":"https:\/\/insurgentepress.mx\/index.php\/wp-json\/wp\/v2\/media?parent=139086"}],"wp:term":[{"taxonomy":"category","embeddable":true,"href":"https:\/\/insurgentepress.mx\/index.php\/wp-json\/wp\/v2\/categories?post=139086"},{"taxonomy":"post_tag","embeddable":true,"href":"https:\/\/insurgentepress.mx\/index.php\/wp-json\/wp\/v2\/tags?post=139086"}],"curies":[{"name":"wp","href":"https:\/\/api.w.org\/{rel}","templated":true}]}}